{"id":30098,"date":"2026-04-29T12:52:09","date_gmt":"2026-04-29T10:52:09","guid":{"rendered":"https:\/\/www.gca-foundation.org\/?p=30098"},"modified":"2026-04-29T15:08:03","modified_gmt":"2026-04-29T13:08:03","slug":"podcast-un-voyage-avec-des-acteurs-du-changement-en-finance-inclusive-et-entrepreneuriat-social-4","status":"publish","type":"post","link":"https:\/\/www.gca-foundation.org\/en\/podcast-un-voyage-avec-des-acteurs-du-changement-en-finance-inclusive-et-entrepreneuriat-social-4\/","title":{"rendered":"Podcast: A Journey with Changemakers in Inclusive Finance and Social Entrepreneurship #4"},"content":{"rendered":"<h2><img decoding=\"async\" class=\"aligncenter wp-image-30099\" src=\"https:\/\/www.gca-foundation.org\/wp-content\/uploads\/2026\/04\/dolores-m-torres-en.png\" alt=\"\" width=\"921\" height=\"518\" srcset=\"https:\/\/www.gca-foundation.org\/wp-content\/uploads\/2026\/04\/dolores-m-torres-en.png 1920w, https:\/\/www.gca-foundation.org\/wp-content\/uploads\/2026\/04\/dolores-m-torres-en-300x169.png 300w, https:\/\/www.gca-foundation.org\/wp-content\/uploads\/2026\/04\/dolores-m-torres-en-1030x579.png 1030w, https:\/\/www.gca-foundation.org\/wp-content\/uploads\/2026\/04\/dolores-m-torres-en-768x432.png 768w, https:\/\/www.gca-foundation.org\/wp-content\/uploads\/2026\/04\/dolores-m-torres-en-1536x864.png 1536w, https:\/\/www.gca-foundation.org\/wp-content\/uploads\/2026\/04\/dolores-m-torres-en-18x10.png 18w, https:\/\/www.gca-foundation.org\/wp-content\/uploads\/2026\/04\/dolores-m-torres-en-1500x844.png 1500w, https:\/\/www.gca-foundation.org\/wp-content\/uploads\/2026\/04\/dolores-m-torres-en-705x397.png 705w, https:\/\/www.gca-foundation.org\/wp-content\/uploads\/2026\/04\/dolores-m-torres-en-178x100.png 178w\" sizes=\"(max-width: 921px) 100vw, 921px\" \/><\/h2>\n<h2><strong>Episode 4: Building Empires from Dreams \u2013 Dolores M. Torres'  Blueprint for Poverty Eradication<\/strong><\/h2>\n<p><em>Discover the podcast: <a href=\"https:\/\/www.gca-foundation.org\/en\/episode-4-batir-des-empires-a-partir-de-reves-le-plan-daction-de-dolores-m-torres-pour-leradication-de-la-pauvrete\/\" target=\"_blank\" rel=\"noopener\">Episode 4<\/a><\/em><\/p>\n<h3>Welcome to our podcast series<\/h3>\n<p>The Grameen Cr\u00e9dit Agricole Foundation continues its podcast series that brings you transformative stories of leaders from the Grameen family who are reshaping the landscape of inclusive finance and social business across the globe. In this fourth episode, we sit down with<strong> Dolores M. Torres<\/strong>, <strong>president emeritus of CARD<\/strong> (<em>Center for Agriculture and Rural Development<\/em>), <strong>one of the<\/strong> <strong>one of the world's largest women-focused microfinance institutions<\/strong> , to explore how <strong>a vision born from personal commitment<\/strong> has transformed the lives of <strong>more than<\/strong> <strong>10 million Filipinos<\/strong>.<\/p>\n<h3>What you'll discover<\/h3>\n<p>Dolores M. Torres shares her remarkable journey from a young volunteer with the Philippine Business for Social Progress to co-founding CARD with just <strong>20 pesos<\/strong> and <strong>a dream<\/strong>. Discover how she developed a business that now operates through <strong>3,700 offices<\/strong>, and how the Grameen model inspired her to create institutions <strong>owned and governed by the women<\/strong> they serve. Learn how<strong> listening to clients<\/strong> transformed a single microfinance organization into a group of<strong> 34 interconnected<\/strong> <strong>institutions<\/strong> serving<strong> insurance<\/strong>, <strong>education<\/strong>, <strong>healthcare<\/strong> and <strong>financial services<\/strong> to over <strong>33 million Filipinos<\/strong>.<\/p>\n<h3>Key Highlights<\/h3>\n<ul>\n<li><strong>From Volunteer to Visionary<\/strong> : How personal experience with poverty fueled a lifelong commitment to social development and inspired the founding of CARD in 1989 with just 89 women members<\/li>\n<li><strong>The Power of Client Ownership<\/strong> : Why placing institutions directly in the hands of poor women, through board representation, policy design, and strategic decision-making, became the cornerstone of CARD's extraordinary success<\/li>\n<li><strong>Inspired by Grameen<\/strong> : How Professor Muhammad Yunus's credit discipline model transformed CARD's operations, starting with 100% repayment rates among the first 89 women members and scaling into a global movement<\/li>\n<li><strong>Listening as Strategy<\/strong> : The transformative practice of continuously listening to clients' needs, from training under mango trees to building a government-authorized microfinance school, that led to the creation of 34 diverse institutions<\/li>\n<li><strong>Homegrown Leadership<\/strong> : How CARD's commitment to staff development created a culture of retention, with the first account officer becoming managing director and the first bookkeeper now leading the bank<\/li>\n<li><strong>Microfinance as Vocation<\/strong> : The critical message for the next generation: treating microfinance not as a job but as a calling, while embracing digital transformation and AI to attract younger leaders without losing sight of the human mission<\/li>\n<li><strong>Scaling with Purpose<\/strong> : How strategic partnerships with organizations that share CARD's mission, rather than those imposing external agendas, enabled sustainable growth and authentic impact<\/li>\n<\/ul>\n<h3>Why this matters<\/h3>\n<p>As the world faces rapid technological change and shifting development priorities, Dolores M. Torres' story demonstrates that sustainable poverty alleviation requires more than financial innovation. It demands genuine commitment, client empowerment, and the courage to dream big while staying grounded in core values.<\/p>\n<p>In an era where AI and digital tools are reshaping financial services, CARD's experience shows how technology can enhance rather than replace the human touch that defines transformative microfinance. The emotional connection between staff and the communities they serve remains the true engine of change.<\/p>\n<h3>Perfect for<\/h3>\n<p>Impact investors, social entrepreneurs, development professionals, policymakers, nonprofit leaders, women leaders and activists, technology innovators, and anyone passionate about creating meaningful change through client-centered finance, women's empowerment, and social business.<\/p>\n<h3>Key quote<\/h3>\n<p>&quot;<em> We dream big, just like Grameen Bank. When we started CARD as an NGO, we dreamed of establishing a bank that would be owned by the poor women. At that time, it looked impossible. We only had 20 pesos. But we promised them we will build a bank that you will own, and we realized it.<\/em> \u00bb \u2013 Dolores M. Torres<\/p>\n<h3><strong>Listen now<\/strong><\/h3>\n<p>Be inspired by a leader who has dedicated her life to proving that poverty is not inevitable, it is a choice we can collectively reject through inclusive finance, women's empowerment, and unwavering commitment to social mission.<\/p>\n<p>________________________________________<\/p>\n<p><strong>A Journey for Change in Inclusive Finance and Social Business<\/strong>\u00a0: Where impact meets innovation.<\/p>\n<p>Subscribe to our podcast series to stay updated on upcoming episodes featuring other transformative leaders from the Grameen family who are driving change across continents and sectors.<\/p>\n<p>Discover the podcast <a href=\"https:\/\/www.gca-foundation.org\/en\/episode-4-batir-des-empires-a-partir-de-reves-le-plan-daction-de-dolores-m-torres-pour-leradication-de-la-pauvrete\/\" target=\"_blank\" rel=\"noopener\">via this link<\/a><\/p>\n<p>&nbsp;<\/p>\n<p><a href=\"https:\/\/www.gca-foundation.org\/wp-content\/uploads\/2026\/04\/transcription-podcast-dorie-fr.pdf\" target=\"_blank\" rel=\"noopener\"><em>French transcript<\/em><\/a><\/p>\n<p><a href=\"https:\/\/www.gca-foundation.org\/wp-content\/uploads\/2026\/04\/transcription-podcast-dorie-en.pdf\" target=\"_blank\" rel=\"noopener\"><em>English transcript<\/em><\/a><\/p>","protected":false},"excerpt":{"rendered":"<p>Episode 4 : B\u00e2tir des Empires \u00e0 partir de R\u00eaves \u2013 Le Plan d\u2019Action de Dolores M. Torres pour l\u2019Eradication de la Pauvret\u00e9 D\u00e9couvrez le podcast : Episode 4 Bienvenue dans notre s\u00e9rie de podcasts La Fondation Grameen Cr\u00e9dit Agricole poursuit sa s\u00e9rie de podcasts qui vous pr\u00e9sente des histoires transformatrices de leaders de la [&hellip;]<\/p>\n","protected":false},"author":18,"featured_media":30114,"comment_status":"closed","ping_status":"closed","sticky":false,"template":"","format":"standard","meta":{"_acf_changed":false,"footnotes":""},"categories":[1],"tags":[],"pays-actualite":[879],"types-publications-media":[],"class_list":["post-30098","post","type-post","status-publish","format-standard","has-post-thumbnail","hentry","category-actualite","pays-actualite-france"],"acf":[],"yoast_head":"<!-- This site is optimized with the Yoast SEO plugin v27.5 - https:\/\/yoast.com\/product\/yoast-seo-wordpress\/ -->\n<title>Podcast : Un voyage avec des acteurs du changement en finance inclusive et entrepreneuriat social #4 - Fondation Grameen Cr\u00e9dit-Agricole<\/title>\n<meta name=\"robots\" content=\"index, follow, max-snippet:-1, max-image-preview:large, max-video-preview:-1\" \/>\n<link rel=\"canonical\" href=\"https:\/\/www.gca-foundation.org\/en\/podcast-un-voyage-avec-des-acteurs-du-changement-en-finance-inclusive-et-entrepreneuriat-social-4\/\" \/>\n<meta property=\"og:locale\" content=\"en_GB\" \/>\n<meta property=\"og:type\" content=\"article\" \/>\n<meta property=\"og:title\" content=\"Podcast : Un voyage avec des acteurs du changement en finance inclusive et entrepreneuriat social #4 - Fondation Grameen Cr\u00e9dit-Agricole\" \/>\n<meta property=\"og:description\" content=\"Episode 4 : B\u00e2tir des Empires \u00e0 partir de R\u00eaves \u2013 Le Plan d\u2019Action de Dolores M. Torres pour l\u2019Eradication de la Pauvret\u00e9 D\u00e9couvrez le podcast : Episode 4 Bienvenue dans notre s\u00e9rie de podcasts La Fondation Grameen Cr\u00e9dit Agricole poursuit sa s\u00e9rie de podcasts qui vous pr\u00e9sente des histoires transformatrices de leaders de la [&hellip;]\" \/>\n<meta property=\"og:url\" content=\"https:\/\/www.gca-foundation.org\/en\/podcast-un-voyage-avec-des-acteurs-du-changement-en-finance-inclusive-et-entrepreneuriat-social-4\/\" \/>\n<meta property=\"og:site_name\" content=\"Fondation Grameen Cr\u00e9dit-Agricole\" \/>\n<meta property=\"article:published_time\" content=\"2026-04-29T10:52:09+00:00\" \/>\n<meta property=\"article:modified_time\" content=\"2026-04-29T13:08:03+00:00\" \/>\n<meta property=\"og:image\" content=\"https:\/\/www.gca-foundation.org\/wp-content\/uploads\/2026\/04\/dorie-short-fr.png\" \/>\n\t<meta property=\"og:image:width\" content=\"1493\" \/>\n\t<meta property=\"og:image:height\" content=\"1080\" \/>\n\t<meta property=\"og:image:type\" content=\"image\/png\" \/>\n<meta name=\"author\" content=\"Anais Pantzer\" \/>\n<meta name=\"twitter:card\" content=\"summary_large_image\" \/>\n<meta name=\"twitter:label1\" content=\"Written by\" \/>\n\t<meta name=\"twitter:data1\" content=\"Anais Pantzer\" \/>\n\t<meta name=\"twitter:label2\" content=\"Estimated reading time\" \/>\n\t<meta name=\"twitter:data2\" content=\"5 minutes\" \/>\n<script type=\"application\/ld+json\" class=\"yoast-schema-graph\">{\"@context\":\"https:\\\/\\\/schema.org\",\"@graph\":[{\"@type\":\"Article\",\"@id\":\"https:\\\/\\\/www.gca-foundation.org\\\/podcast-un-voyage-avec-des-acteurs-du-changement-en-finance-inclusive-et-entrepreneuriat-social-4\\\/#article\",\"isPartOf\":{\"@id\":\"https:\\\/\\\/www.gca-foundation.org\\\/podcast-un-voyage-avec-des-acteurs-du-changement-en-finance-inclusive-et-entrepreneuriat-social-4\\\/\"},\"author\":{\"name\":\"Anais Pantzer\",\"@id\":\"https:\\\/\\\/www.gca-foundation.org\\\/en\\\/#\\\/schema\\\/person\\\/e9047e5e49d8f3a299da3ee78c3fb6ec\"},\"headline\":\"Podcast : Un voyage avec des acteurs du changement en finance inclusive et entrepreneuriat social #4\",\"datePublished\":\"2026-04-29T10:52:09+00:00\",\"dateModified\":\"2026-04-29T13:08:03+00:00\",\"mainEntityOfPage\":{\"@id\":\"https:\\\/\\\/www.gca-foundation.org\\\/podcast-un-voyage-avec-des-acteurs-du-changement-en-finance-inclusive-et-entrepreneuriat-social-4\\\/\"},\"wordCount\":937,\"image\":{\"@id\":\"https:\\\/\\\/www.gca-foundation.org\\\/podcast-un-voyage-avec-des-acteurs-du-changement-en-finance-inclusive-et-entrepreneuriat-social-4\\\/#primaryimage\"},\"thumbnailUrl\":\"https:\\\/\\\/www.gca-foundation.org\\\/wp-content\\\/uploads\\\/2026\\\/04\\\/dorie-short-fr.png\",\"articleSection\":[\"Actualit\u00e9\"],\"inLanguage\":\"en-GB\"},{\"@type\":\"WebPage\",\"@id\":\"https:\\\/\\\/www.gca-foundation.org\\\/podcast-un-voyage-avec-des-acteurs-du-changement-en-finance-inclusive-et-entrepreneuriat-social-4\\\/\",\"url\":\"https:\\\/\\\/www.gca-foundation.org\\\/podcast-un-voyage-avec-des-acteurs-du-changement-en-finance-inclusive-et-entrepreneuriat-social-4\\\/\",\"name\":\"Podcast : Un voyage avec des acteurs du changement en finance inclusive et entrepreneuriat social #4 - Fondation Grameen Cr\u00e9dit-Agricole\",\"isPartOf\":{\"@id\":\"https:\\\/\\\/www.gca-foundation.org\\\/en\\\/#website\"},\"primaryImageOfPage\":{\"@id\":\"https:\\\/\\\/www.gca-foundation.org\\\/podcast-un-voyage-avec-des-acteurs-du-changement-en-finance-inclusive-et-entrepreneuriat-social-4\\\/#primaryimage\"},\"image\":{\"@id\":\"https:\\\/\\\/www.gca-foundation.org\\\/podcast-un-voyage-avec-des-acteurs-du-changement-en-finance-inclusive-et-entrepreneuriat-social-4\\\/#primaryimage\"},\"thumbnailUrl\":\"https:\\\/\\\/www.gca-foundation.org\\\/wp-content\\\/uploads\\\/2026\\\/04\\\/dorie-short-fr.png\",\"datePublished\":\"2026-04-29T10:52:09+00:00\",\"dateModified\":\"2026-04-29T13:08:03+00:00\",\"author\":{\"@id\":\"https:\\\/\\\/www.gca-foundation.org\\\/en\\\/#\\\/schema\\\/person\\\/e9047e5e49d8f3a299da3ee78c3fb6ec\"},\"breadcrumb\":{\"@id\":\"https:\\\/\\\/www.gca-foundation.org\\\/podcast-un-voyage-avec-des-acteurs-du-changement-en-finance-inclusive-et-entrepreneuriat-social-4\\\/#breadcrumb\"},\"inLanguage\":\"en-GB\",\"potentialAction\":[{\"@type\":\"ReadAction\",\"target\":[\"https:\\\/\\\/www.gca-foundation.org\\\/podcast-un-voyage-avec-des-acteurs-du-changement-en-finance-inclusive-et-entrepreneuriat-social-4\\\/\"]}]},{\"@type\":\"ImageObject\",\"inLanguage\":\"en-GB\",\"@id\":\"https:\\\/\\\/www.gca-foundation.org\\\/podcast-un-voyage-avec-des-acteurs-du-changement-en-finance-inclusive-et-entrepreneuriat-social-4\\\/#primaryimage\",\"url\":\"https:\\\/\\\/www.gca-foundation.org\\\/wp-content\\\/uploads\\\/2026\\\/04\\\/dorie-short-fr.png\",\"contentUrl\":\"https:\\\/\\\/www.gca-foundation.org\\\/wp-content\\\/uploads\\\/2026\\\/04\\\/dorie-short-fr.png\",\"width\":1493,\"height\":1080},{\"@type\":\"BreadcrumbList\",\"@id\":\"https:\\\/\\\/www.gca-foundation.org\\\/podcast-un-voyage-avec-des-acteurs-du-changement-en-finance-inclusive-et-entrepreneuriat-social-4\\\/#breadcrumb\",\"itemListElement\":[{\"@type\":\"ListItem\",\"position\":1,\"name\":\"Accueil\",\"item\":\"https:\\\/\\\/www.gca-foundation.org\\\/accueil\\\/\"},{\"@type\":\"ListItem\",\"position\":2,\"name\":\"Podcast : Un voyage avec des acteurs du changement en finance inclusive et entrepreneuriat social #4\"}]},{\"@type\":\"WebSite\",\"@id\":\"https:\\\/\\\/www.gca-foundation.org\\\/en\\\/#website\",\"url\":\"https:\\\/\\\/www.gca-foundation.org\\\/en\\\/\",\"name\":\"Fondation Grameen Cr\u00e9dit-Agricole\",\"description\":\"Microfinance &amp; Social Business\",\"potentialAction\":[{\"@type\":\"SearchAction\",\"target\":{\"@type\":\"EntryPoint\",\"urlTemplate\":\"https:\\\/\\\/www.gca-foundation.org\\\/en\\\/?s={search_term_string}\"},\"query-input\":{\"@type\":\"PropertyValueSpecification\",\"valueRequired\":true,\"valueName\":\"search_term_string\"}}],\"inLanguage\":\"en-GB\"},{\"@type\":\"Person\",\"@id\":\"https:\\\/\\\/www.gca-foundation.org\\\/en\\\/#\\\/schema\\\/person\\\/e9047e5e49d8f3a299da3ee78c3fb6ec\",\"name\":\"Anais Pantzer\",\"image\":{\"@type\":\"ImageObject\",\"inLanguage\":\"en-GB\",\"@id\":\"https:\\\/\\\/secure.gravatar.com\\\/avatar\\\/1a4e308757e5e05ff6192871d1e9ce6741f3f776c876b47d8163ec9db3431f6e?s=96&d=mm&r=g\",\"url\":\"https:\\\/\\\/secure.gravatar.com\\\/avatar\\\/1a4e308757e5e05ff6192871d1e9ce6741f3f776c876b47d8163ec9db3431f6e?s=96&d=mm&r=g\",\"contentUrl\":\"https:\\\/\\\/secure.gravatar.com\\\/avatar\\\/1a4e308757e5e05ff6192871d1e9ce6741f3f776c876b47d8163ec9db3431f6e?s=96&d=mm&r=g\",\"caption\":\"Anais Pantzer\"},\"url\":\"https:\\\/\\\/www.gca-foundation.org\\\/en\\\/author\\\/anais\\\/\"}]}<\/script>\n<!-- \/ Yoast SEO plugin. -->","yoast_head_json":{"title":"Podcast : Un voyage avec des acteurs du changement en finance inclusive et entrepreneuriat social #4 - Fondation Grameen Cr\u00e9dit-Agricole","robots":{"index":"index","follow":"follow","max-snippet":"max-snippet:-1","max-image-preview":"max-image-preview:large","max-video-preview":"max-video-preview:-1"},"canonical":"https:\/\/www.gca-foundation.org\/en\/podcast-un-voyage-avec-des-acteurs-du-changement-en-finance-inclusive-et-entrepreneuriat-social-4\/","og_locale":"en_GB","og_type":"article","og_title":"Podcast : Un voyage avec des acteurs du changement en finance inclusive et entrepreneuriat social #4 - Fondation Grameen Cr\u00e9dit-Agricole","og_description":"Episode 4 : B\u00e2tir des Empires \u00e0 partir de R\u00eaves \u2013 Le Plan d\u2019Action de Dolores M. Torres pour l\u2019Eradication de la Pauvret\u00e9 D\u00e9couvrez le podcast : Episode 4 Bienvenue dans notre s\u00e9rie de podcasts La Fondation Grameen Cr\u00e9dit Agricole poursuit sa s\u00e9rie de podcasts qui vous pr\u00e9sente des histoires transformatrices de leaders de la [&hellip;]","og_url":"https:\/\/www.gca-foundation.org\/en\/podcast-un-voyage-avec-des-acteurs-du-changement-en-finance-inclusive-et-entrepreneuriat-social-4\/","og_site_name":"Fondation Grameen Cr\u00e9dit-Agricole","article_published_time":"2026-04-29T10:52:09+00:00","article_modified_time":"2026-04-29T13:08:03+00:00","og_image":[{"width":1493,"height":1080,"url":"https:\/\/www.gca-foundation.org\/wp-content\/uploads\/2026\/04\/dorie-short-fr.png","type":"image\/png"}],"author":"Anais Pantzer","twitter_card":"summary_large_image","twitter_misc":{"Written by":"Anais Pantzer","Estimated reading time":"5 minutes"},"schema":{"@context":"https:\/\/schema.org","@graph":[{"@type":"Article","@id":"https:\/\/www.gca-foundation.org\/podcast-un-voyage-avec-des-acteurs-du-changement-en-finance-inclusive-et-entrepreneuriat-social-4\/#article","isPartOf":{"@id":"https:\/\/www.gca-foundation.org\/podcast-un-voyage-avec-des-acteurs-du-changement-en-finance-inclusive-et-entrepreneuriat-social-4\/"},"author":{"name":"Anais Pantzer","@id":"https:\/\/www.gca-foundation.org\/en\/#\/schema\/person\/e9047e5e49d8f3a299da3ee78c3fb6ec"},"headline":"Podcast : Un voyage avec des acteurs du changement en finance inclusive et entrepreneuriat social #4","datePublished":"2026-04-29T10:52:09+00:00","dateModified":"2026-04-29T13:08:03+00:00","mainEntityOfPage":{"@id":"https:\/\/www.gca-foundation.org\/podcast-un-voyage-avec-des-acteurs-du-changement-en-finance-inclusive-et-entrepreneuriat-social-4\/"},"wordCount":937,"image":{"@id":"https:\/\/www.gca-foundation.org\/podcast-un-voyage-avec-des-acteurs-du-changement-en-finance-inclusive-et-entrepreneuriat-social-4\/#primaryimage"},"thumbnailUrl":"https:\/\/www.gca-foundation.org\/wp-content\/uploads\/2026\/04\/dorie-short-fr.png","articleSection":["Actualit\u00e9"],"inLanguage":"en-GB"},{"@type":"WebPage","@id":"https:\/\/www.gca-foundation.org\/podcast-un-voyage-avec-des-acteurs-du-changement-en-finance-inclusive-et-entrepreneuriat-social-4\/","url":"https:\/\/www.gca-foundation.org\/podcast-un-voyage-avec-des-acteurs-du-changement-en-finance-inclusive-et-entrepreneuriat-social-4\/","name":"Podcast : Un voyage avec des acteurs du changement en finance inclusive et entrepreneuriat social #4 - Fondation Grameen Cr\u00e9dit-Agricole","isPartOf":{"@id":"https:\/\/www.gca-foundation.org\/en\/#website"},"primaryImageOfPage":{"@id":"https:\/\/www.gca-foundation.org\/podcast-un-voyage-avec-des-acteurs-du-changement-en-finance-inclusive-et-entrepreneuriat-social-4\/#primaryimage"},"image":{"@id":"https:\/\/www.gca-foundation.org\/podcast-un-voyage-avec-des-acteurs-du-changement-en-finance-inclusive-et-entrepreneuriat-social-4\/#primaryimage"},"thumbnailUrl":"https:\/\/www.gca-foundation.org\/wp-content\/uploads\/2026\/04\/dorie-short-fr.png","datePublished":"2026-04-29T10:52:09+00:00","dateModified":"2026-04-29T13:08:03+00:00","author":{"@id":"https:\/\/www.gca-foundation.org\/en\/#\/schema\/person\/e9047e5e49d8f3a299da3ee78c3fb6ec"},"breadcrumb":{"@id":"https:\/\/www.gca-foundation.org\/podcast-un-voyage-avec-des-acteurs-du-changement-en-finance-inclusive-et-entrepreneuriat-social-4\/#breadcrumb"},"inLanguage":"en-GB","potentialAction":[{"@type":"ReadAction","target":["https:\/\/www.gca-foundation.org\/podcast-un-voyage-avec-des-acteurs-du-changement-en-finance-inclusive-et-entrepreneuriat-social-4\/"]}]},{"@type":"ImageObject","inLanguage":"en-GB","@id":"https:\/\/www.gca-foundation.org\/podcast-un-voyage-avec-des-acteurs-du-changement-en-finance-inclusive-et-entrepreneuriat-social-4\/#primaryimage","url":"https:\/\/www.gca-foundation.org\/wp-content\/uploads\/2026\/04\/dorie-short-fr.png","contentUrl":"https:\/\/www.gca-foundation.org\/wp-content\/uploads\/2026\/04\/dorie-short-fr.png","width":1493,"height":1080},{"@type":"BreadcrumbList","@id":"https:\/\/www.gca-foundation.org\/podcast-un-voyage-avec-des-acteurs-du-changement-en-finance-inclusive-et-entrepreneuriat-social-4\/#breadcrumb","itemListElement":[{"@type":"ListItem","position":1,"name":"Accueil","item":"https:\/\/www.gca-foundation.org\/accueil\/"},{"@type":"ListItem","position":2,"name":"Podcast : Un voyage avec des acteurs du changement en finance inclusive et entrepreneuriat social #4"}]},{"@type":"WebSite","@id":"https:\/\/www.gca-foundation.org\/en\/#website","url":"https:\/\/www.gca-foundation.org\/en\/","name":"Grameen Cr\u00e9dit-Agricole Foundation","description":"Microfinance &amp; Social Business","potentialAction":[{"@type":"SearchAction","target":{"@type":"EntryPoint","urlTemplate":"https:\/\/www.gca-foundation.org\/en\/?s={search_term_string}"},"query-input":{"@type":"PropertyValueSpecification","valueRequired":true,"valueName":"search_term_string"}}],"inLanguage":"en-GB"},{"@type":"Person","@id":"https:\/\/www.gca-foundation.org\/en\/#\/schema\/person\/e9047e5e49d8f3a299da3ee78c3fb6ec","name":"Anais Pantzer","image":{"@type":"ImageObject","inLanguage":"en-GB","@id":"https:\/\/secure.gravatar.com\/avatar\/1a4e308757e5e05ff6192871d1e9ce6741f3f776c876b47d8163ec9db3431f6e?s=96&d=mm&r=g","url":"https:\/\/secure.gravatar.com\/avatar\/1a4e308757e5e05ff6192871d1e9ce6741f3f776c876b47d8163ec9db3431f6e?s=96&d=mm&r=g","contentUrl":"https:\/\/secure.gravatar.com\/avatar\/1a4e308757e5e05ff6192871d1e9ce6741f3f776c876b47d8163ec9db3431f6e?s=96&d=mm&r=g","caption":"Anais Pantzer"},"url":"https:\/\/www.gca-foundation.org\/en\/author\/anais\/"}]}},"_links":{"self":[{"href":"https:\/\/www.gca-foundation.org\/en\/wp-json\/wp\/v2\/posts\/30098","targetHints":{"allow":["GET"]}}],"collection":[{"href":"https:\/\/www.gca-foundation.org\/en\/wp-json\/wp\/v2\/posts"}],"about":[{"href":"https:\/\/www.gca-foundation.org\/en\/wp-json\/wp\/v2\/types\/post"}],"author":[{"embeddable":true,"href":"https:\/\/www.gca-foundation.org\/en\/wp-json\/wp\/v2\/users\/18"}],"replies":[{"embeddable":true,"href":"https:\/\/www.gca-foundation.org\/en\/wp-json\/wp\/v2\/comments?post=30098"}],"version-history":[{"count":5,"href":"https:\/\/www.gca-foundation.org\/en\/wp-json\/wp\/v2\/posts\/30098\/revisions"}],"predecessor-version":[{"id":30118,"href":"https:\/\/www.gca-foundation.org\/en\/wp-json\/wp\/v2\/posts\/30098\/revisions\/30118"}],"wp:featuredmedia":[{"embeddable":true,"href":"https:\/\/www.gca-foundation.org\/en\/wp-json\/wp\/v2\/media\/30114"}],"wp:attachment":[{"href":"https:\/\/www.gca-foundation.org\/en\/wp-json\/wp\/v2\/media?parent=30098"}],"wp:term":[{"taxonomy":"category","embeddable":true,"href":"https:\/\/www.gca-foundation.org\/en\/wp-json\/wp\/v2\/categories?post=30098"},{"taxonomy":"post_tag","embeddable":true,"href":"https:\/\/www.gca-foundation.org\/en\/wp-json\/wp\/v2\/tags?post=30098"},{"taxonomy":"pays-actualite","embeddable":true,"href":"https:\/\/www.gca-foundation.org\/en\/wp-json\/wp\/v2\/pays-actualite?post=30098"},{"taxonomy":"types-publications-media","embeddable":true,"href":"https:\/\/www.gca-foundation.org\/en\/wp-json\/wp\/v2\/types-publications-media?post=30098"}],"curies":[{"name":"wp","href":"https:\/\/api.w.org\/{rel}","templated":true}]}}